{"id":3592,"date":"2025-06-17T13:28:16","date_gmt":"2025-06-17T12:28:16","guid":{"rendered":"https:\/\/www.es-blueht.de\/?p=3592"},"modified":"2025-06-17T13:28:16","modified_gmt":"2025-06-17T12:28:16","slug":"sommer-heckenschnitt-2","status":"publish","type":"post","link":"https:\/\/www.es-blueht.de\/?p=3592","title":{"rendered":"Sommer-Heckenschnitt"},"content":{"rendered":"<div class=\"page-restrict-output\"><p>Liebe Gartenfreundinnen und Gartenfreunde,<\/p>\n<p>es ist wieder soweit, der erste Heckenschnitt steht in der Zeit vom 28.06.2025 bis zum 26.07.2025 an.<\/p>\n<p>Beachtet bitte, dass alle Hecken im Gartengel\u00e4nde auf eine einheitliche H\u00f6he zur\u00fcckgeschnitten werden sollen und dass Rankgew\u00e4chse, die die Hecke \u201eersticken\u201c k\u00f6nnen, entfernt werden. Die Wildkrautentfernung am Heckensaum ist nur manuell (im Rahmen der geltenden Verordnungen des Landesbundes) zul\u00e4ssig, ein Krautsaum aus einheimischen Wildkr\u00e4utern darf auch gern&nbsp; stehen bleiben!<\/p>\n<p>Falls noch V\u00f6gel in der Hecke br\u00fcten, so wartet bitte mit dem Schnitt solange, bis die Jungv\u00f6gel das Nest verlassen haben.<\/p>\n<p>Bitte schneidet die Hecke nicht vor dem 28.06.2025<\/p>\n<p>G\u00e4rtnerische Gr\u00fc\u00dfe<br \/>\nEuer Vorstand<\/p>\n<\/div>","protected":false},"excerpt":{"rendered":"<div class=\"page-restrict-output\"><p>Liebe Gartenfreundinnen und Gartenfreunde, es ist wieder soweit, der erste Heckenschnitt steht in der Zeit vom 28.06.2025 bis zum 26.07.2025 an. Beachtet bitte, dass alle Hecken im Gartengel\u00e4nde auf eine einheitliche H\u00f6he zur\u00fcckgeschnitten werden sollen und dass Rankgew\u00e4chse, die die Hecke \u201eersticken\u201c k\u00f6nnen, entfernt werden. Die Wildkrautentfernung am Heckensaum ist nur manuell (im Rahmen der [&hellip;]<\/p>\n<\/div>","protected":false},"author":2,"featured_media":0,"comment_status":"open","ping_status":"open","sticky":false,"template":"","format":"standard","meta":{"ngg_post_thumbnail":0,"footnotes":""},"categories":[1],"tags":[],"class_list":["post-3592","post","type-post","status-publish","format-standard","hentry","category-allgemein"],"_links":{"self":[{"href":"https:\/\/www.es-blueht.de\/index.php?rest_route=\/wp\/v2\/posts\/3592","targetHints":{"allow":["GET"]}}],"collection":[{"href":"https:\/\/www.es-blueht.de\/index.php?rest_route=\/wp\/v2\/posts"}],"about":[{"href":"https:\/\/www.es-blueht.de\/index.php?rest_route=\/wp\/v2\/types\/post"}],"author":[{"embeddable":true,"href":"https:\/\/www.es-blueht.de\/index.php?rest_route=\/wp\/v2\/users\/2"}],"replies":[{"embeddable":true,"href":"https:\/\/www.es-blueht.de\/index.php?rest_route=%2Fwp%2Fv2%2Fcomments&post=3592"}],"version-history":[{"count":1,"href":"https:\/\/www.es-blueht.de\/index.php?rest_route=\/wp\/v2\/posts\/3592\/revisions"}],"predecessor-version":[{"id":3593,"href":"https:\/\/www.es-blueht.de\/index.php?rest_route=\/wp\/v2\/posts\/3592\/revisions\/3593"}],"wp:attachment":[{"href":"https:\/\/www.es-blueht.de\/index.php?rest_route=%2Fwp%2Fv2%2Fmedia&parent=3592"}],"wp:term":[{"taxonomy":"category","embeddable":true,"href":"https:\/\/www.es-blueht.de\/index.php?rest_route=%2Fwp%2Fv2%2Fcategories&post=3592"},{"taxonomy":"post_tag","embeddable":true,"href":"https:\/\/www.es-blueht.de\/index.php?rest_route=%2Fwp%2Fv2%2Ftags&post=3592"}],"curies":[{"name":"wp","href":"https:\/\/api.w.org\/{rel}","templated":true}]}}