{"id":3596,"date":"2025-06-28T08:50:18","date_gmt":"2025-06-28T07:50:18","guid":{"rendered":"https:\/\/www.es-blueht.de\/?p=3596"},"modified":"2025-06-28T08:51:44","modified_gmt":"2025-06-28T07:51:44","slug":"aufruf-zur-gemeinschaftsarbeit","status":"publish","type":"post","link":"https:\/\/www.es-blueht.de\/?p=3596","title":{"rendered":"Aufruf zur Gemeinschaftsarbeit"},"content":{"rendered":"<div class=\"page-restrict-output\"><p>Liebe Gartenfreundinnen und liebe Gartenfreunde,<br \/>\n&nbsp;<br \/>\nam 05.07. steht wieder Gemeinschaftsarbeit an, und zwar eine ganz besondere:<br \/>\n&nbsp;<br \/>\ndie Parzelle 10 steht schon l\u00e4nger leer, der vorige P\u00e4chter hat zu Ende 2024 gek\u00fcndigt. Da er weder gesundheitlich noch finanziell in der Lage war, die Parzelle in einem ordnungsgem\u00e4\u00dfen Zustand zu \u00fcbergeben, ist nun leider der Verein in der Pflicht. Damit die Parzelle neu verpachtet werden kann und der Verein wieder eine Pachteinnahme hat, ben\u00f6tigen wir Hilfe.&nbsp;<br \/>\nUnd hier kommt ihr ins Spiel:&nbsp;<br \/>\n<strong>Wir suchen viele tatkr\u00e4ftige Menschen, die sich um die Rodung der Koniferen, das Rasenm\u00e4hen, den Heckenschnitt und das Aufr\u00e4umen &amp; Abtransportieren des restlichen M\u00fclls (zum Gl\u00fcck nicht so viel, auf jeden Fall eine gro\u00dfe Gasflasche) k\u00fcmmern.&nbsp;<\/strong><br \/>\nBitte bringt entsprechende Ger\u00e4tschaften und Handschuhe mit. Der M\u00fclltransport kann auch zu einem anderen Zeitpunkt erfolgen.<br \/>\n&nbsp;<br \/>\nBitte meldet euch zahlreich an unter dieser E-Mail-Adresse&nbsp;<a href=\"mailto:vorstand@es-blueht.de\" target=\"_blank\" rel=\"noopener\">vorstand@es-blueht.de<\/a>&nbsp;oder der Telefonnummer 0178 68 222 66 (Silke). Auch wer bereits Gemeinschaftsarbeit geleistet oder ein Ehrenamt im Verein inne hat, ist herzlich eingeladen :-).<br \/>\n&nbsp;<br \/>\nDanke und bis bald,<br \/>\nEuer Vorstand<\/p>\n<\/div>","protected":false},"excerpt":{"rendered":"<div class=\"page-restrict-output\"><p>Liebe Gartenfreundinnen und liebe Gartenfreunde, &nbsp; am 05.07. steht wieder Gemeinschaftsarbeit an, und zwar eine ganz besondere: &nbsp; die Parzelle 10 steht schon l\u00e4nger leer, der vorige P\u00e4chter hat zu Ende 2024 gek\u00fcndigt. Da er weder gesundheitlich noch finanziell in der Lage war, die Parzelle in einem ordnungsgem\u00e4\u00dfen Zustand zu \u00fcbergeben, ist nun leider der [&hellip;]<\/p>\n<\/div>","protected":false},"author":2,"featured_media":0,"comment_status":"open","ping_status":"open","sticky":false,"template":"","format":"standard","meta":{"ngg_post_thumbnail":0,"footnotes":""},"categories":[1],"tags":[],"class_list":["post-3596","post","type-post","status-publish","format-standard","hentry","category-allgemein"],"_links":{"self":[{"href":"https:\/\/www.es-blueht.de\/index.php?rest_route=\/wp\/v2\/posts\/3596","targetHints":{"allow":["GET"]}}],"collection":[{"href":"https:\/\/www.es-blueht.de\/index.php?rest_route=\/wp\/v2\/posts"}],"about":[{"href":"https:\/\/www.es-blueht.de\/index.php?rest_route=\/wp\/v2\/types\/post"}],"author":[{"embeddable":true,"href":"https:\/\/www.es-blueht.de\/index.php?rest_route=\/wp\/v2\/users\/2"}],"replies":[{"embeddable":true,"href":"https:\/\/www.es-blueht.de\/index.php?rest_route=%2Fwp%2Fv2%2Fcomments&post=3596"}],"version-history":[{"count":2,"href":"https:\/\/www.es-blueht.de\/index.php?rest_route=\/wp\/v2\/posts\/3596\/revisions"}],"predecessor-version":[{"id":3598,"href":"https:\/\/www.es-blueht.de\/index.php?rest_route=\/wp\/v2\/posts\/3596\/revisions\/3598"}],"wp:attachment":[{"href":"https:\/\/www.es-blueht.de\/index.php?rest_route=%2Fwp%2Fv2%2Fmedia&parent=3596"}],"wp:term":[{"taxonomy":"category","embeddable":true,"href":"https:\/\/www.es-blueht.de\/index.php?rest_route=%2Fwp%2Fv2%2Fcategories&post=3596"},{"taxonomy":"post_tag","embeddable":true,"href":"https:\/\/www.es-blueht.de\/index.php?rest_route=%2Fwp%2Fv2%2Ftags&post=3596"}],"curies":[{"name":"wp","href":"https:\/\/api.w.org\/{rel}","templated":true}]}}